{"id":170,"date":"2018-01-08T15:09:00","date_gmt":"2018-01-08T14:09:00","guid":{"rendered":"https:\/\/bt-website.it.bonetag.eu\/?p=170"},"modified":"2022-01-21T10:17:05","modified_gmt":"2022-01-21T09:17:05","slug":"bonetag-sera-au-ces-2018","status":"publish","type":"post","link":"https:\/\/bonetag.eu\/en\/bonetag-sera-au-ces-2018\/","title":{"rendered":"BoneTag will be present at the 2018 CES !"},"content":{"rendered":"<div data-elementor-type=\"wp-post\" data-elementor-id=\"170\" class=\"elementor elementor-170\">\n\t\t\t\t\t\t<div class=\"elementor-inner\">\n\t\t\t\t<div class=\"elementor-section-wrap\">\n\t\t\t\t\t\t\t\t\t<section class=\"elementor-section elementor-top-section elementor-element elementor-element-618d201b elementor-section-boxed elementor-section-height-default elementor-section-height-default\" data-id=\"618d201b\" data-element_type=\"section\">\n\t\t\t\t\t\t<div class=\"elementor-container elementor-column-gap-default\">\n\t\t\t\t\t\t\t<div class=\"elementor-row\">\n\t\t\t\t\t<div class=\"elementor-column elementor-col-100 elementor-top-column elementor-element elementor-element-718923f3\" data-id=\"718923f3\" data-element_type=\"column\">\n\t\t\t<div class=\"elementor-column-wrap elementor-element-populated\">\n\t\t\t\t\t\t\t<div class=\"elementor-widget-wrap\">\n\t\t\t\t\t\t<div class=\"elementor-element elementor-element-42e44c1a elementor-widget elementor-widget-text-editor\" data-id=\"42e44c1a\" data-element_type=\"widget\" data-widget_type=\"text-editor.default\">\n\t\t\t\t<div class=\"elementor-widget-container\">\n\t\t\t\t\t\t\t\t<div class=\"elementor-text-editor elementor-clearfix\">\n\t\t\t\t<!-- wp:paragraph -->\n<p>BoneTag sera pr\u00e9sente au grand salon de l&rsquo;\u00e9lectronique; le Consumer Electronic Show (CES) de Las Vegas 2018!<\/p>\n<!-- \/wp:paragraph --><!-- wp:paragraph -->\n<p>Accompagn\u00e9s par Sud de France D\u00e9veloppement, BoneTag fera partie du Pavillon Occitanie. N&rsquo;h\u00e9sitez pas \u00e0 vous rendre sur notre stand !<\/p>\n<!-- \/wp:paragraph --><!-- wp:paragraph -->\n<p>L&rsquo;usine Digitale a interview\u00e9 BoneTag avant leur d\u00e9part pour Las Vegas.<\/p>\n<p><a href=\"https:\/\/www.usine-digitale.fr\/article\/ces-2018-comment-bonetag-veut-rendre-les-protheses-de-genou-intelligentes.N634058\"><em><span style=\"color: #005f64;\">Read the article<\/span><\/em><\/a><\/p>\n<!-- \/wp:paragraph --><!-- wp:paragraph --><!-- \/wp:paragraph -->\t\t\t\t\t<\/div>\n\t\t\t\t\t\t<\/div>\n\t\t\t\t<\/div>\n\t\t\t\t\t\t<\/div>\n\t\t\t\t\t<\/div>\n\t\t<\/div>\n\t\t\t\t\t\t\t\t<\/div>\n\t\t\t\t\t<\/div>\n\t\t<\/section>\n\t\t\t\t\t\t\t\t\t<\/div>\n\t\t\t<\/div>\n\t\t\t\t\t<\/div>","protected":false},"excerpt":{"rendered":"<p>BoneTag sera pr\u00e9sente au grand salon de l&rsquo;\u00e9lectronique; le Consumer Electronic Show [&hellip;]<\/p>","protected":false},"author":2,"featured_media":0,"comment_status":"closed","ping_status":"closed","sticky":false,"template":"","format":"standard","meta":{"_mi_skip_tracking":false},"categories":[1],"tags":[],"_links":{"self":[{"href":"https:\/\/bonetag.eu\/en\/wp-json\/wp\/v2\/posts\/170"}],"collection":[{"href":"https:\/\/bonetag.eu\/en\/wp-json\/wp\/v2\/posts"}],"about":[{"href":"https:\/\/bonetag.eu\/en\/wp-json\/wp\/v2\/types\/post"}],"author":[{"embeddable":true,"href":"https:\/\/bonetag.eu\/en\/wp-json\/wp\/v2\/users\/2"}],"replies":[{"embeddable":true,"href":"https:\/\/bonetag.eu\/en\/wp-json\/wp\/v2\/comments?post=170"}],"version-history":[{"count":6,"href":"https:\/\/bonetag.eu\/en\/wp-json\/wp\/v2\/posts\/170\/revisions"}],"predecessor-version":[{"id":1435,"href":"https:\/\/bonetag.eu\/en\/wp-json\/wp\/v2\/posts\/170\/revisions\/1435"}],"wp:attachment":[{"href":"https:\/\/bonetag.eu\/en\/wp-json\/wp\/v2\/media?parent=170"}],"wp:term":[{"taxonomy":"category","embeddable":true,"href":"https:\/\/bonetag.eu\/en\/wp-json\/wp\/v2\/categories?post=170"},{"taxonomy":"post_tag","embeddable":true,"href":"https:\/\/bonetag.eu\/en\/wp-json\/wp\/v2\/tags?post=170"}],"curies":[{"name":"wp","href":"https:\/\/api.w.org\/{rel}","templated":true}]}}